{"id":980,"date":"2023-12-03T22:30:16","date_gmt":"2023-12-03T21:30:16","guid":{"rendered":"http:\/\/polana.de\/?p=980"},"modified":"2023-12-03T22:40:33","modified_gmt":"2023-12-03T21:40:33","slug":"980","status":"publish","type":"post","link":"https:\/\/polana.de\/pl\/2023\/12\/03\/980\/","title":{"rendered":"Podsumowanie spotkania (25.11.23)"},"content":{"rendered":"\n<p>Po tylu latach jeszcze potraficie mnie zaskoczy\u0107! Naprawd\u0119 nie spodziewa\u0142am si\u0119 takich pi\u0119knych prac, kt\u00f3re wykonali\u015bcie w miniona sobot\u0119. Przygotowa\u0142am materia\u0142y ale w g\u0142owie mia\u0142am wiele r\u00f3\u017cnych wykona\u0144 ostatecznych, takich si\u0119 nie spodziewa\u0142am <img loading=\"lazy\" decoding=\"async\" width=\"16\" height=\"16\" src=\"https:\/\/static.xx.fbcdn.net\/images\/emoji.php\/v9\/t51\/1\/16\/1f603.png\" alt=\"\ud83d\ude03\"> Dzi\u0119kuj\u0119 Wam tak\u017ce za liczne przybycie oraz za ch\u0119ci do wsp\u00f3lnej zabawy. To dla mnie tak\u017ce wiele znaczy <img loading=\"lazy\" decoding=\"async\" width=\"16\" height=\"16\" src=\"https:\/\/static.xx.fbcdn.net\/images\/emoji.php\/v9\/t6c\/1\/16\/2764.png\" alt=\"\u2764\"> Przed nami jeszcze jedno spotkanie w tym roku, niebawem podam szczeg\u00f3\u0142y.<\/p>\n\n\n\n<figure class=\"wp-block-image size-large\"><a href=\"https:\/\/polana.de\/wp-content\/uploads\/2023\/12\/image-dde5f20f-3141-4248-924d-21156e9e89b6.png\"><img loading=\"lazy\" decoding=\"async\" width=\"1024\" height=\"1024\" src=\"https:\/\/polana.de\/wp-content\/uploads\/2023\/12\/image-dde5f20f-3141-4248-924d-21156e9e89b6-1024x1024.png\" alt=\"\" class=\"wp-image-981\" srcset=\"https:\/\/polana.de\/wp-content\/uploads\/2023\/12\/image-dde5f20f-3141-4248-924d-21156e9e89b6-1024x1024.png 1024w, https:\/\/polana.de\/wp-content\/uploads\/2023\/12\/image-dde5f20f-3141-4248-924d-21156e9e89b6-300x300.png 300w, https:\/\/polana.de\/wp-content\/uploads\/2023\/12\/image-dde5f20f-3141-4248-924d-21156e9e89b6-150x150.png 150w, https:\/\/polana.de\/wp-content\/uploads\/2023\/12\/image-dde5f20f-3141-4248-924d-21156e9e89b6-768x768.png 768w, https:\/\/polana.de\/wp-content\/uploads\/2023\/12\/image-dde5f20f-3141-4248-924d-21156e9e89b6-1536x1536.png 1536w, https:\/\/polana.de\/wp-content\/uploads\/2023\/12\/image-dde5f20f-3141-4248-924d-21156e9e89b6-100x100.png 100w, https:\/\/polana.de\/wp-content\/uploads\/2023\/12\/image-dde5f20f-3141-4248-924d-21156e9e89b6-200x200.png 200w, https:\/\/polana.de\/wp-content\/uploads\/2023\/12\/image-dde5f20f-3141-4248-924d-21156e9e89b6-450x450.png 450w, https:\/\/polana.de\/wp-content\/uploads\/2023\/12\/image-dde5f20f-3141-4248-924d-21156e9e89b6-600x600.png 600w, https:\/\/polana.de\/wp-content\/uploads\/2023\/12\/image-dde5f20f-3141-4248-924d-21156e9e89b6-900x900.png 900w, https:\/\/polana.de\/wp-content\/uploads\/2023\/12\/image-dde5f20f-3141-4248-924d-21156e9e89b6.png 1800w\" sizes=\"auto, (max-width: 1024px) 100vw, 1024px\" \/><\/a><\/figure>\n","protected":false},"excerpt":{"rendered":"<p>Po tylu latach jeszcze potraficie mnie zaskoczy\u0107! Naprawd\u0119 nie spodziewa\u0142am si\u0119 takich pi\u0119knych prac, kt\u00f3re wykonali\u015bcie w miniona sobot\u0119. Przygotowa\u0142am materia\u0142y ale w g\u0142owie mia\u0142am wiele r\u00f3\u017cnych wykona\u0144 ostatecznych, takich si\u0119 nie spodziewa\u0142am Dzi\u0119kuj\u0119 Wam tak\u017ce za liczne przybycie oraz<span class=\"ellipsis\">&hellip;<\/span><\/p>\n<div class=\"read-more\"><a href=\"https:\/\/polana.de\/pl\/2023\/12\/03\/980\/\">Czytaj wi\u0119cej &#8250;<\/a><\/div>\n<p><!-- end of .read-more --><\/p>\n","protected":false},"author":1,"featured_media":984,"comment_status":"closed","ping_status":"open","sticky":false,"template":"","format":"standard","meta":{"footnotes":""},"categories":[5],"tags":[],"class_list":["post-980","post","type-post","status-publish","format-standard","has-post-thumbnail","hentry","category-news-polana-koeln"],"translation":{"provider":"WPGlobus","version":"3.0.0","language":"pl","enabled_languages":["de","pl"],"languages":{"de":{"title":true,"content":true,"excerpt":false},"pl":{"title":false,"content":false,"excerpt":false}}},"yoast_head":"<!-- This site is optimized with the Yoast SEO plugin v25.3 - https:\/\/yoast.com\/wordpress\/plugins\/seo\/ -->\n<title>Podsumowanie spotkania (25.11.23) - Polana - grupa dziecieca<\/title>\n<meta name=\"robots\" content=\"index, follow, max-snippet:-1, max-image-preview:large, max-video-preview:-1\" \/>\n<link rel=\"canonical\" href=\"https:\/\/polana.de\/2023\/12\/03\/980\/\" \/>\n<meta property=\"og:locale\" content=\"pl_PL\" \/>\n<meta property=\"og:type\" content=\"article\" \/>\n<meta property=\"og:title\" content=\"Podsumowanie spotkania (25.11.23) - Polana - grupa dziecieca\" \/>\n<meta property=\"og:url\" content=\"https:\/\/polana.de\/2023\/12\/03\/980\/\" \/>\n<meta property=\"og:site_name\" content=\"Polana - grupa dziecieca\" \/>\n<meta property=\"article:published_time\" content=\"2023-12-03T21:30:16+00:00\" \/>\n<meta property=\"article:modified_time\" content=\"2023-12-03T21:40:33+00:00\" \/>\n<meta property=\"og:image\" content=\"https:\/\/polana.de\/wp-content\/uploads\/2023\/12\/choinka_news-25-11-23.jpg\" \/>\n\t<meta property=\"og:image:width\" content=\"283\" \/>\n\t<meta property=\"og:image:height\" content=\"403\" \/>\n\t<meta property=\"og:image:type\" content=\"image\/jpeg\" \/>\n<meta name=\"author\" content=\"admin\" \/>\n<meta name=\"twitter:card\" content=\"summary_large_image\" \/>\n<meta name=\"twitter:label1\" content=\"Written by\" \/>\n\t<meta name=\"twitter:data1\" content=\"admin\" \/>\n<script type=\"application\/ld+json\" class=\"yoast-schema-graph\">{\"@context\":\"https:\/\/schema.org\",\"@graph\":[{\"@type\":\"WebPage\",\"@id\":\"https:\/\/polana.de\/2023\/12\/03\/980\/\",\"url\":\"https:\/\/polana.de\/2023\/12\/03\/980\/\",\"name\":\"Podsumowanie spotkania (25.11.23) - Polana - grupa dziecieca\",\"isPartOf\":{\"@id\":\"https:\/\/polana.de\/#website\"},\"primaryImageOfPage\":{\"@id\":\"https:\/\/polana.de\/2023\/12\/03\/980\/#primaryimage\"},\"image\":{\"@id\":\"https:\/\/polana.de\/2023\/12\/03\/980\/#primaryimage\"},\"thumbnailUrl\":\"https:\/\/polana.de\/wp-content\/uploads\/2023\/12\/choinka_news-25-11-23.jpg\",\"datePublished\":\"2023-12-03T21:30:16+00:00\",\"dateModified\":\"2023-12-03T21:40:33+00:00\",\"author\":{\"@id\":\"https:\/\/polana.de\/#\/schema\/person\/53adf98639af958282522e54b0d51761\"},\"breadcrumb\":{\"@id\":\"https:\/\/polana.de\/2023\/12\/03\/980\/#breadcrumb\"},\"inLanguage\":\"pl-PL\",\"potentialAction\":[{\"@type\":\"ReadAction\",\"target\":[\"https:\/\/polana.de\/2023\/12\/03\/980\/\"]}]},{\"@type\":\"ImageObject\",\"inLanguage\":\"pl-PL\",\"@id\":\"https:\/\/polana.de\/2023\/12\/03\/980\/#primaryimage\",\"url\":\"https:\/\/polana.de\/wp-content\/uploads\/2023\/12\/choinka_news-25-11-23.jpg\",\"contentUrl\":\"https:\/\/polana.de\/wp-content\/uploads\/2023\/12\/choinka_news-25-11-23.jpg\",\"width\":283,\"height\":403,\"caption\":\"choinka_polana\"},{\"@type\":\"BreadcrumbList\",\"@id\":\"https:\/\/polana.de\/2023\/12\/03\/980\/#breadcrumb\",\"itemListElement\":[{\"@type\":\"ListItem\",\"position\":1,\"name\":\"Startseite\",\"item\":\"https:\/\/polana.de\/\"},{\"@type\":\"ListItem\",\"position\":2,\"name\":\"Podsumowanie spotkania (25.11.23)\"}]},{\"@type\":\"WebSite\",\"@id\":\"https:\/\/polana.de\/#website\",\"url\":\"https:\/\/polana.de\/\",\"name\":\"Polana - grupa dziecieca\",\"description\":\"Polska grupa dziecieca dla przedszkolakow\",\"potentialAction\":[{\"@type\":\"SearchAction\",\"target\":{\"@type\":\"EntryPoint\",\"urlTemplate\":\"https:\/\/polana.de\/?s={search_term_string}\"},\"query-input\":{\"@type\":\"PropertyValueSpecification\",\"valueRequired\":true,\"valueName\":\"search_term_string\"}}],\"inLanguage\":\"pl-PL\"},{\"@type\":\"Person\",\"@id\":\"https:\/\/polana.de\/#\/schema\/person\/53adf98639af958282522e54b0d51761\",\"name\":\"admin\",\"image\":{\"@type\":\"ImageObject\",\"inLanguage\":\"pl-PL\",\"@id\":\"https:\/\/polana.de\/#\/schema\/person\/image\/\",\"url\":\"https:\/\/secure.gravatar.com\/avatar\/69e1febbc9f2ea479f4a21d7c2a8647e802f989f143322c9ed278ee176e590af?s=96&d=mm&r=g\",\"contentUrl\":\"https:\/\/secure.gravatar.com\/avatar\/69e1febbc9f2ea479f4a21d7c2a8647e802f989f143322c9ed278ee176e590af?s=96&d=mm&r=g\",\"caption\":\"admin\"},\"url\":\"https:\/\/polana.de\/pl\/author\/admin\/\"}]}<\/script>\n<!-- \/ Yoast SEO plugin. -->","yoast_head_json":{"title":"Podsumowanie spotkania (25.11.23) - Polana - grupa dziecieca","robots":{"index":"index","follow":"follow","max-snippet":"max-snippet:-1","max-image-preview":"max-image-preview:large","max-video-preview":"max-video-preview:-1"},"canonical":"https:\/\/polana.de\/2023\/12\/03\/980\/","og_locale":"pl_PL","og_type":"article","og_title":"Podsumowanie spotkania (25.11.23) - Polana - grupa dziecieca","og_url":"https:\/\/polana.de\/2023\/12\/03\/980\/","og_site_name":"Polana - grupa dziecieca","article_published_time":"2023-12-03T21:30:16+00:00","article_modified_time":"2023-12-03T21:40:33+00:00","og_image":[{"width":283,"height":403,"url":"https:\/\/polana.de\/wp-content\/uploads\/2023\/12\/choinka_news-25-11-23.jpg","type":"image\/jpeg"}],"author":"admin","twitter_card":"summary_large_image","twitter_misc":{"Written by":"admin"},"schema":{"@context":"https:\/\/schema.org","@graph":[{"@type":"WebPage","@id":"https:\/\/polana.de\/2023\/12\/03\/980\/","url":"https:\/\/polana.de\/2023\/12\/03\/980\/","name":"Podsumowanie spotkania (25.11.23) - Polana - grupa dziecieca","isPartOf":{"@id":"https:\/\/polana.de\/#website"},"primaryImageOfPage":{"@id":"https:\/\/polana.de\/2023\/12\/03\/980\/#primaryimage"},"image":{"@id":"https:\/\/polana.de\/2023\/12\/03\/980\/#primaryimage"},"thumbnailUrl":"https:\/\/polana.de\/wp-content\/uploads\/2023\/12\/choinka_news-25-11-23.jpg","datePublished":"2023-12-03T21:30:16+00:00","dateModified":"2023-12-03T21:40:33+00:00","author":{"@id":"https:\/\/polana.de\/#\/schema\/person\/53adf98639af958282522e54b0d51761"},"breadcrumb":{"@id":"https:\/\/polana.de\/2023\/12\/03\/980\/#breadcrumb"},"inLanguage":"pl-PL","potentialAction":[{"@type":"ReadAction","target":["https:\/\/polana.de\/2023\/12\/03\/980\/"]}]},{"@type":"ImageObject","inLanguage":"pl-PL","@id":"https:\/\/polana.de\/2023\/12\/03\/980\/#primaryimage","url":"https:\/\/polana.de\/wp-content\/uploads\/2023\/12\/choinka_news-25-11-23.jpg","contentUrl":"https:\/\/polana.de\/wp-content\/uploads\/2023\/12\/choinka_news-25-11-23.jpg","width":283,"height":403,"caption":"choinka_polana"},{"@type":"BreadcrumbList","@id":"https:\/\/polana.de\/2023\/12\/03\/980\/#breadcrumb","itemListElement":[{"@type":"ListItem","position":1,"name":"Startseite","item":"https:\/\/polana.de\/"},{"@type":"ListItem","position":2,"name":"Podsumowanie spotkania (25.11.23)"}]},{"@type":"WebSite","@id":"https:\/\/polana.de\/#website","url":"https:\/\/polana.de\/","name":"Polana - grupa dziecieca","description":"Polska grupa dziecieca dla przedszkolakow","potentialAction":[{"@type":"SearchAction","target":{"@type":"EntryPoint","urlTemplate":"https:\/\/polana.de\/?s={search_term_string}"},"query-input":{"@type":"PropertyValueSpecification","valueRequired":true,"valueName":"search_term_string"}}],"inLanguage":"pl-PL"},{"@type":"Person","@id":"https:\/\/polana.de\/#\/schema\/person\/53adf98639af958282522e54b0d51761","name":"admin","image":{"@type":"ImageObject","inLanguage":"pl-PL","@id":"https:\/\/polana.de\/#\/schema\/person\/image\/","url":"https:\/\/secure.gravatar.com\/avatar\/69e1febbc9f2ea479f4a21d7c2a8647e802f989f143322c9ed278ee176e590af?s=96&d=mm&r=g","contentUrl":"https:\/\/secure.gravatar.com\/avatar\/69e1febbc9f2ea479f4a21d7c2a8647e802f989f143322c9ed278ee176e590af?s=96&d=mm&r=g","caption":"admin"},"url":"https:\/\/polana.de\/pl\/author\/admin\/"}]}},"_links":{"self":[{"href":"https:\/\/polana.de\/pl\/wp-json\/wp\/v2\/posts\/980","targetHints":{"allow":["GET"]}}],"collection":[{"href":"https:\/\/polana.de\/pl\/wp-json\/wp\/v2\/posts"}],"about":[{"href":"https:\/\/polana.de\/pl\/wp-json\/wp\/v2\/types\/post"}],"author":[{"embeddable":true,"href":"https:\/\/polana.de\/pl\/wp-json\/wp\/v2\/users\/1"}],"replies":[{"embeddable":true,"href":"https:\/\/polana.de\/pl\/wp-json\/wp\/v2\/comments?post=980"}],"version-history":[{"count":3,"href":"https:\/\/polana.de\/pl\/wp-json\/wp\/v2\/posts\/980\/revisions"}],"predecessor-version":[{"id":987,"href":"https:\/\/polana.de\/pl\/wp-json\/wp\/v2\/posts\/980\/revisions\/987"}],"wp:featuredmedia":[{"embeddable":true,"href":"https:\/\/polana.de\/pl\/wp-json\/wp\/v2\/media\/984"}],"wp:attachment":[{"href":"https:\/\/polana.de\/pl\/wp-json\/wp\/v2\/media?parent=980"}],"wp:term":[{"taxonomy":"category","embeddable":true,"href":"https:\/\/polana.de\/pl\/wp-json\/wp\/v2\/categories?post=980"},{"taxonomy":"post_tag","embeddable":true,"href":"https:\/\/polana.de\/pl\/wp-json\/wp\/v2\/tags?post=980"}],"curies":[{"name":"wp","href":"https:\/\/api.w.org\/{rel}","templated":true}]}}