{"id":1097,"date":"2024-03-19T22:46:09","date_gmt":"2024-03-19T21:46:09","guid":{"rendered":"http:\/\/polana.de\/?p=1097"},"modified":"2024-03-19T22:47:21","modified_gmt":"2024-03-19T21:47:21","slug":"pisankowy-czas-zaproszenie-na-spotkanie-23-03-24","status":"publish","type":"post","link":"https:\/\/polana.de\/pl\/2024\/03\/19\/pisankowy-czas-zaproszenie-na-spotkanie-23-03-24\/","title":{"rendered":"Pisankowy czas &#8211; zaproszenie na spotkanie (23.03.24)"},"content":{"rendered":"\n<p>Na najbli\u017cszym spotkaniu b\u0119dziemy porusza\u0107 temat ju\u017c przybli\u017caj\u0105cy nam nadchodz\u0105ce Wielkanocne \u015awi\u0119to <img loading=\"lazy\" decoding=\"async\" alt=\"\ud83d\ude09\" src=\"https:\/\/static.xx.fbcdn.net\/images\/emoji.php\/v9\/t57\/1\/16\/1f609.png\" width=\"16\" height=\"16\"><\/p>\n\n\n\n<p>Opowiem dzieciom opowie\u015b\u0107 o tym, jak jajeczka pr\u00f3bowa\u0142y uciec z patelni g\u0142odnemu kotkowi, oraz o tym do czego potrzebne s\u0105 nam \u015bwi\u0119ta Wielkanocne <img loading=\"lazy\" decoding=\"async\" alt=\"\ud83d\ude09\" src=\"https:\/\/static.xx.fbcdn.net\/images\/emoji.php\/v9\/t57\/1\/16\/1f609.png\" width=\"16\" height=\"16\"> Po tej cz\u0119\u015bci wprowadzaj\u0105cej, wykonamy wsp\u00f3lnie dla wszystkich obecnych, przedstawienie o tym jak Kurcz\u0105tko z pomoc\u0105 Kr\u00f3lika poszukiwa\u0142o swojej Mamy-Kury oraz dowiemy si\u0119 co wynik\u0142o ze spotkania Kurcz\u0105tka z Kr\u00f3likiem i Barankiem. Wykonamy tak\u017ce prac\u0119 plastyczn\u0105 nawi\u0105zuj\u0105c\u0105 do wiosny oraz zbli\u017caj\u0105cych si\u0119 \u015bwi\u0105t. W tym celu prosz\u0119 Was o przyniesienie kleju, no\u017cyczek oraz pisak\u00f3w.&nbsp;<\/p>\n\n\n\n<p>Po cz\u0119\u015bci plastycznej posprz\u0105tamy sal\u0119, a dzieci b\u0119d\u0105 mog\u0142y przek\u0105si\u0107 przyniesione jedzonka oraz picie (tu prosz\u0119, by na razie nie przynosi\u0107 precelk\u00f3w, poniewa\u017c mamy ju\u017c zgromadzony spory zapas <img loading=\"lazy\" decoding=\"async\" alt=\"\ud83d\ude03\" src=\"https:\/\/static.xx.fbcdn.net\/images\/emoji.php\/v9\/t51\/1\/16\/1f603.png\" width=\"16\" height=\"16\"> ). Jak ju\u017c brzuszki b\u0119d\u0105 pe\u0142ne, to pobawimy si\u0119 w zabawy ruchowe, pota\u0144czymy, po\u015bpiewamy, b\u0119dziemy si\u0119 te\u017c bawi\u0107 z chust\u0105 animacyjn\u0105. Jak pogoda dopisze, to b\u0119dziemy mogli przenie\u015b\u0107 si\u0119 tak\u017ce na zielony teren przy budynku i tam troch\u0119 sp\u0119dzi\u0107 czasu na \u015bwie\u017cym powietrzu <img loading=\"lazy\" decoding=\"async\" alt=\"\ud83d\ude42\" src=\"https:\/\/static.xx.fbcdn.net\/images\/emoji.php\/v9\/t4c\/1\/16\/1f642.png\" width=\"16\" height=\"16\"><\/p>\n\n\n\n<p>Ostatnio pojawia si\u0119 na spotkaniu fajna ilo\u015b\u0107 ch\u0119tnych rodzin, wi\u0119c my\u015bl\u0119, \u017ce i w najbli\u017csz\u0105 sobot\u0119 b\u0119dzie bardzo ciekawie, weso\u0142o, energicznie i b\u0119dziemy si\u0119 bardzo dobrze bawi\u0107 <img loading=\"lazy\" decoding=\"async\" alt=\"\ud83d\ude42\" src=\"https:\/\/static.xx.fbcdn.net\/images\/emoji.php\/v9\/t4c\/1\/16\/1f642.png\" width=\"16\" height=\"16\"><\/p>\n\n\n\n<p>Daj mi wcze\u015bniej zna\u0107, czy macie ch\u0119\u0107 i plan do\u0142\u0105czy\u0107, bym mniej wi\u0119cej wiedzia\u0142a jakiego t\u0142umu si\u0119 spodziewa\u0107 i ile przygotowa\u0107 materia\u0142\u00f3w do wykonania pracy plastycznej.<\/p>\n\n\n\n<p>Do zobaczenia!<\/p>\n\n\n\n<figure class=\"wp-block-image size-full\"><a href=\"https:\/\/polana.de\/wp-content\/uploads\/2024\/03\/pisankowy-czas.jpg\"><img loading=\"lazy\" decoding=\"async\" width=\"700\" height=\"525\" src=\"https:\/\/polana.de\/wp-content\/uploads\/2024\/03\/pisankowy-czas.jpg\" alt=\"\" class=\"wp-image-1098\" srcset=\"https:\/\/polana.de\/wp-content\/uploads\/2024\/03\/pisankowy-czas.jpg 700w, https:\/\/polana.de\/wp-content\/uploads\/2024\/03\/pisankowy-czas-300x225.jpg 300w, https:\/\/polana.de\/wp-content\/uploads\/2024\/03\/pisankowy-czas-100x75.jpg 100w, https:\/\/polana.de\/wp-content\/uploads\/2024\/03\/pisankowy-czas-150x113.jpg 150w, https:\/\/polana.de\/wp-content\/uploads\/2024\/03\/pisankowy-czas-200x150.jpg 200w, https:\/\/polana.de\/wp-content\/uploads\/2024\/03\/pisankowy-czas-450x338.jpg 450w, https:\/\/polana.de\/wp-content\/uploads\/2024\/03\/pisankowy-czas-600x450.jpg 600w\" sizes=\"auto, (max-width: 700px) 100vw, 700px\" \/><\/a><\/figure>\n","protected":false},"excerpt":{"rendered":"<p>Na najbli\u017cszym spotkaniu b\u0119dziemy porusza\u0107 temat ju\u017c przybli\u017caj\u0105cy nam nadchodz\u0105ce Wielkanocne \u015awi\u0119to Opowiem dzieciom opowie\u015b\u0107 o tym, jak jajeczka pr\u00f3bowa\u0142y uciec z patelni g\u0142odnemu kotkowi, oraz o tym do czego potrzebne s\u0105 nam \u015bwi\u0119ta Wielkanocne Po tej cz\u0119\u015bci wprowadzaj\u0105cej, wykonamy<span class=\"ellipsis\">&hellip;<\/span><\/p>\n<div class=\"read-more\"><a href=\"https:\/\/polana.de\/pl\/2024\/03\/19\/pisankowy-czas-zaproszenie-na-spotkanie-23-03-24\/\">Czytaj wi\u0119cej &#8250;<\/a><\/div>\n<p><!-- end of .read-more --><\/p>\n","protected":false},"author":1,"featured_media":1099,"comment_status":"closed","ping_status":"open","sticky":false,"template":"","format":"standard","meta":{"footnotes":""},"categories":[5],"tags":[],"class_list":["post-1097","post","type-post","status-publish","format-standard","has-post-thumbnail","hentry","category-news-polana-koeln"],"translation":{"provider":"WPGlobus","version":"3.0.0","language":"pl","enabled_languages":["de","pl"],"languages":{"de":{"title":true,"content":true,"excerpt":false},"pl":{"title":false,"content":false,"excerpt":false}}},"yoast_head":"<!-- This site is optimized with the Yoast SEO plugin v25.3 - https:\/\/yoast.com\/wordpress\/plugins\/seo\/ -->\n<title>Pisankowy czas - zaproszenie na spotkanie (23.03.24) - Polana - grupa dziecieca<\/title>\n<meta name=\"robots\" content=\"index, follow, max-snippet:-1, max-image-preview:large, max-video-preview:-1\" \/>\n<link rel=\"canonical\" href=\"https:\/\/polana.de\/2024\/03\/19\/pisankowy-czas-zaproszenie-na-spotkanie-23-03-24\/\" \/>\n<meta property=\"og:locale\" content=\"pl_PL\" \/>\n<meta property=\"og:type\" content=\"article\" \/>\n<meta property=\"og:title\" content=\"Pisankowy czas - zaproszenie na spotkanie (23.03.24) - Polana - grupa dziecieca\" \/>\n<meta property=\"og:url\" content=\"https:\/\/polana.de\/2024\/03\/19\/pisankowy-czas-zaproszenie-na-spotkanie-23-03-24\/\" \/>\n<meta property=\"og:site_name\" content=\"Polana - grupa dziecieca\" \/>\n<meta property=\"article:published_time\" content=\"2024-03-19T21:46:09+00:00\" \/>\n<meta property=\"article:modified_time\" content=\"2024-03-19T21:47:21+00:00\" \/>\n<meta property=\"og:image\" content=\"https:\/\/polana.de\/wp-content\/uploads\/2024\/03\/wielkanoc_icon.jpg\" \/>\n\t<meta property=\"og:image:width\" content=\"443\" \/>\n\t<meta property=\"og:image:height\" content=\"445\" \/>\n\t<meta property=\"og:image:type\" content=\"image\/jpeg\" \/>\n<meta name=\"author\" content=\"admin\" \/>\n<meta name=\"twitter:card\" content=\"summary_large_image\" \/>\n<meta name=\"twitter:label1\" content=\"Written by\" \/>\n\t<meta name=\"twitter:data1\" content=\"admin\" \/>\n\t<meta name=\"twitter:label2\" content=\"Est. reading time\" \/>\n\t<meta name=\"twitter:data2\" content=\"1 minute\" \/>\n<script type=\"application\/ld+json\" class=\"yoast-schema-graph\">{\"@context\":\"https:\/\/schema.org\",\"@graph\":[{\"@type\":\"WebPage\",\"@id\":\"https:\/\/polana.de\/2024\/03\/19\/pisankowy-czas-zaproszenie-na-spotkanie-23-03-24\/\",\"url\":\"https:\/\/polana.de\/2024\/03\/19\/pisankowy-czas-zaproszenie-na-spotkanie-23-03-24\/\",\"name\":\"Pisankowy czas - zaproszenie na spotkanie (23.03.24) - Polana - grupa dziecieca\",\"isPartOf\":{\"@id\":\"https:\/\/polana.de\/#website\"},\"primaryImageOfPage\":{\"@id\":\"https:\/\/polana.de\/2024\/03\/19\/pisankowy-czas-zaproszenie-na-spotkanie-23-03-24\/#primaryimage\"},\"image\":{\"@id\":\"https:\/\/polana.de\/2024\/03\/19\/pisankowy-czas-zaproszenie-na-spotkanie-23-03-24\/#primaryimage\"},\"thumbnailUrl\":\"https:\/\/polana.de\/wp-content\/uploads\/2024\/03\/wielkanoc_icon.jpg\",\"datePublished\":\"2024-03-19T21:46:09+00:00\",\"dateModified\":\"2024-03-19T21:47:21+00:00\",\"author\":{\"@id\":\"https:\/\/polana.de\/#\/schema\/person\/53adf98639af958282522e54b0d51761\"},\"breadcrumb\":{\"@id\":\"https:\/\/polana.de\/2024\/03\/19\/pisankowy-czas-zaproszenie-na-spotkanie-23-03-24\/#breadcrumb\"},\"inLanguage\":\"pl-PL\",\"potentialAction\":[{\"@type\":\"ReadAction\",\"target\":[\"https:\/\/polana.de\/2024\/03\/19\/pisankowy-czas-zaproszenie-na-spotkanie-23-03-24\/\"]}]},{\"@type\":\"ImageObject\",\"inLanguage\":\"pl-PL\",\"@id\":\"https:\/\/polana.de\/2024\/03\/19\/pisankowy-czas-zaproszenie-na-spotkanie-23-03-24\/#primaryimage\",\"url\":\"https:\/\/polana.de\/wp-content\/uploads\/2024\/03\/wielkanoc_icon.jpg\",\"contentUrl\":\"https:\/\/polana.de\/wp-content\/uploads\/2024\/03\/wielkanoc_icon.jpg\",\"width\":443,\"height\":445,\"caption\":\"wielkanoc\"},{\"@type\":\"BreadcrumbList\",\"@id\":\"https:\/\/polana.de\/2024\/03\/19\/pisankowy-czas-zaproszenie-na-spotkanie-23-03-24\/#breadcrumb\",\"itemListElement\":[{\"@type\":\"ListItem\",\"position\":1,\"name\":\"Startseite\",\"item\":\"https:\/\/polana.de\/\"},{\"@type\":\"ListItem\",\"position\":2,\"name\":\"Pisankowy czas &#8211; zaproszenie na spotkanie (23.03.24)\"}]},{\"@type\":\"WebSite\",\"@id\":\"https:\/\/polana.de\/#website\",\"url\":\"https:\/\/polana.de\/\",\"name\":\"Polana - grupa dziecieca\",\"description\":\"Polska grupa dziecieca dla przedszkolakow\",\"potentialAction\":[{\"@type\":\"SearchAction\",\"target\":{\"@type\":\"EntryPoint\",\"urlTemplate\":\"https:\/\/polana.de\/?s={search_term_string}\"},\"query-input\":{\"@type\":\"PropertyValueSpecification\",\"valueRequired\":true,\"valueName\":\"search_term_string\"}}],\"inLanguage\":\"pl-PL\"},{\"@type\":\"Person\",\"@id\":\"https:\/\/polana.de\/#\/schema\/person\/53adf98639af958282522e54b0d51761\",\"name\":\"admin\",\"image\":{\"@type\":\"ImageObject\",\"inLanguage\":\"pl-PL\",\"@id\":\"https:\/\/polana.de\/#\/schema\/person\/image\/\",\"url\":\"https:\/\/secure.gravatar.com\/avatar\/69e1febbc9f2ea479f4a21d7c2a8647e802f989f143322c9ed278ee176e590af?s=96&d=mm&r=g\",\"contentUrl\":\"https:\/\/secure.gravatar.com\/avatar\/69e1febbc9f2ea479f4a21d7c2a8647e802f989f143322c9ed278ee176e590af?s=96&d=mm&r=g\",\"caption\":\"admin\"},\"url\":\"https:\/\/polana.de\/pl\/author\/admin\/\"}]}<\/script>\n<!-- \/ Yoast SEO plugin. -->","yoast_head_json":{"title":"Pisankowy czas - zaproszenie na spotkanie (23.03.24) - Polana - grupa dziecieca","robots":{"index":"index","follow":"follow","max-snippet":"max-snippet:-1","max-image-preview":"max-image-preview:large","max-video-preview":"max-video-preview:-1"},"canonical":"https:\/\/polana.de\/2024\/03\/19\/pisankowy-czas-zaproszenie-na-spotkanie-23-03-24\/","og_locale":"pl_PL","og_type":"article","og_title":"Pisankowy czas - zaproszenie na spotkanie (23.03.24) - Polana - grupa dziecieca","og_url":"https:\/\/polana.de\/2024\/03\/19\/pisankowy-czas-zaproszenie-na-spotkanie-23-03-24\/","og_site_name":"Polana - grupa dziecieca","article_published_time":"2024-03-19T21:46:09+00:00","article_modified_time":"2024-03-19T21:47:21+00:00","og_image":[{"width":443,"height":445,"url":"https:\/\/polana.de\/wp-content\/uploads\/2024\/03\/wielkanoc_icon.jpg","type":"image\/jpeg"}],"author":"admin","twitter_card":"summary_large_image","twitter_misc":{"Written by":"admin","Est. reading time":"1 minute"},"schema":{"@context":"https:\/\/schema.org","@graph":[{"@type":"WebPage","@id":"https:\/\/polana.de\/2024\/03\/19\/pisankowy-czas-zaproszenie-na-spotkanie-23-03-24\/","url":"https:\/\/polana.de\/2024\/03\/19\/pisankowy-czas-zaproszenie-na-spotkanie-23-03-24\/","name":"Pisankowy czas - zaproszenie na spotkanie (23.03.24) - Polana - grupa dziecieca","isPartOf":{"@id":"https:\/\/polana.de\/#website"},"primaryImageOfPage":{"@id":"https:\/\/polana.de\/2024\/03\/19\/pisankowy-czas-zaproszenie-na-spotkanie-23-03-24\/#primaryimage"},"image":{"@id":"https:\/\/polana.de\/2024\/03\/19\/pisankowy-czas-zaproszenie-na-spotkanie-23-03-24\/#primaryimage"},"thumbnailUrl":"https:\/\/polana.de\/wp-content\/uploads\/2024\/03\/wielkanoc_icon.jpg","datePublished":"2024-03-19T21:46:09+00:00","dateModified":"2024-03-19T21:47:21+00:00","author":{"@id":"https:\/\/polana.de\/#\/schema\/person\/53adf98639af958282522e54b0d51761"},"breadcrumb":{"@id":"https:\/\/polana.de\/2024\/03\/19\/pisankowy-czas-zaproszenie-na-spotkanie-23-03-24\/#breadcrumb"},"inLanguage":"pl-PL","potentialAction":[{"@type":"ReadAction","target":["https:\/\/polana.de\/2024\/03\/19\/pisankowy-czas-zaproszenie-na-spotkanie-23-03-24\/"]}]},{"@type":"ImageObject","inLanguage":"pl-PL","@id":"https:\/\/polana.de\/2024\/03\/19\/pisankowy-czas-zaproszenie-na-spotkanie-23-03-24\/#primaryimage","url":"https:\/\/polana.de\/wp-content\/uploads\/2024\/03\/wielkanoc_icon.jpg","contentUrl":"https:\/\/polana.de\/wp-content\/uploads\/2024\/03\/wielkanoc_icon.jpg","width":443,"height":445,"caption":"wielkanoc"},{"@type":"BreadcrumbList","@id":"https:\/\/polana.de\/2024\/03\/19\/pisankowy-czas-zaproszenie-na-spotkanie-23-03-24\/#breadcrumb","itemListElement":[{"@type":"ListItem","position":1,"name":"Startseite","item":"https:\/\/polana.de\/"},{"@type":"ListItem","position":2,"name":"Pisankowy czas &#8211; zaproszenie na spotkanie (23.03.24)"}]},{"@type":"WebSite","@id":"https:\/\/polana.de\/#website","url":"https:\/\/polana.de\/","name":"Polana - grupa dziecieca","description":"Polska grupa dziecieca dla przedszkolakow","potentialAction":[{"@type":"SearchAction","target":{"@type":"EntryPoint","urlTemplate":"https:\/\/polana.de\/?s={search_term_string}"},"query-input":{"@type":"PropertyValueSpecification","valueRequired":true,"valueName":"search_term_string"}}],"inLanguage":"pl-PL"},{"@type":"Person","@id":"https:\/\/polana.de\/#\/schema\/person\/53adf98639af958282522e54b0d51761","name":"admin","image":{"@type":"ImageObject","inLanguage":"pl-PL","@id":"https:\/\/polana.de\/#\/schema\/person\/image\/","url":"https:\/\/secure.gravatar.com\/avatar\/69e1febbc9f2ea479f4a21d7c2a8647e802f989f143322c9ed278ee176e590af?s=96&d=mm&r=g","contentUrl":"https:\/\/secure.gravatar.com\/avatar\/69e1febbc9f2ea479f4a21d7c2a8647e802f989f143322c9ed278ee176e590af?s=96&d=mm&r=g","caption":"admin"},"url":"https:\/\/polana.de\/pl\/author\/admin\/"}]}},"_links":{"self":[{"href":"https:\/\/polana.de\/pl\/wp-json\/wp\/v2\/posts\/1097","targetHints":{"allow":["GET"]}}],"collection":[{"href":"https:\/\/polana.de\/pl\/wp-json\/wp\/v2\/posts"}],"about":[{"href":"https:\/\/polana.de\/pl\/wp-json\/wp\/v2\/types\/post"}],"author":[{"embeddable":true,"href":"https:\/\/polana.de\/pl\/wp-json\/wp\/v2\/users\/1"}],"replies":[{"embeddable":true,"href":"https:\/\/polana.de\/pl\/wp-json\/wp\/v2\/comments?post=1097"}],"version-history":[{"count":1,"href":"https:\/\/polana.de\/pl\/wp-json\/wp\/v2\/posts\/1097\/revisions"}],"predecessor-version":[{"id":1100,"href":"https:\/\/polana.de\/pl\/wp-json\/wp\/v2\/posts\/1097\/revisions\/1100"}],"wp:featuredmedia":[{"embeddable":true,"href":"https:\/\/polana.de\/pl\/wp-json\/wp\/v2\/media\/1099"}],"wp:attachment":[{"href":"https:\/\/polana.de\/pl\/wp-json\/wp\/v2\/media?parent=1097"}],"wp:term":[{"taxonomy":"category","embeddable":true,"href":"https:\/\/polana.de\/pl\/wp-json\/wp\/v2\/categories?post=1097"},{"taxonomy":"post_tag","embeddable":true,"href":"https:\/\/polana.de\/pl\/wp-json\/wp\/v2\/tags?post=1097"}],"curies":[{"name":"wp","href":"https:\/\/api.w.org\/{rel}","templated":true}]}}